{"id":950,"date":"2016-08-11T15:00:41","date_gmt":"2016-08-11T15:00:41","guid":{"rendered":"http:\/\/www.naturallifebuilding.de\/?p=950"},"modified":"2016-08-11T15:01:41","modified_gmt":"2016-08-11T15:01:41","slug":"unter-dem-hermann","status":"publish","type":"post","link":"https:\/\/www.naturallifebuilding.de\/?p=950","title":{"rendered":"Unter dem Hermann"},"content":{"rendered":"<p>Unter dem Hermannsdenkmall\u00a0in Hiddesen m\u00f6chte ich\u00a0in Thomas sein neues H\u00e4uschen Lehm auftragen. Thomas hat seine neue Wohnung seit kurzem gekauft und ist diese jetzt gro\u00dfartig an es renovieren.<\/p>\n<p>Sowohl die Decke als die W\u00e4nde sollten ein neue Schicht mit Lehm bekommen. Die Decke waren ausgestattet mit Latten auf dem den alten Lehm befestigt ist. Den alten Anstrich m\u00fcsste erst entfernt werden bevor ein neue Schicht mit Lehm aufgetragen werden k\u00f6nnte.<\/p>\n<p><img loading=\"lazy\" decoding=\"async\" class=\"size-medium wp-image-952 aligncenter\" src=\"https:\/\/www.naturallifebuilding.de\/uploads\/2016\/08\/20160726_192755-400x225.jpg\" alt=\"20160726_192755\" width=\"400\" height=\"225\" srcset=\"https:\/\/www.naturallifebuilding.de\/uploads\/2016\/08\/20160726_192755-400x225.jpg 400w, https:\/\/www.naturallifebuilding.de\/uploads\/2016\/08\/20160726_192755-768x432.jpg 768w, https:\/\/www.naturallifebuilding.de\/uploads\/2016\/08\/20160726_192755-1024x576.jpg 1024w, https:\/\/www.naturallifebuilding.de\/uploads\/2016\/08\/20160726_192755-200x113.jpg 200w\" sizes=\"auto, (max-width: 400px) 100vw, 400px\" \/><\/p>\n<p>An die Au\u00dfenw\u00e4nde waren Heizungsrohren angebracht f\u00fcr die Wandheizung. Die rohren sind vollst\u00e4ndig mit Lehm ausgef\u00fchlt und mit eine Endschicht mit Lehm abgearbeitet. Thomas wird diesen nachher noch bemalen.<\/p>\n<p>Thomas ist beruflich unterwegs als Baubiologe und hat ein gro\u00dfe Begeisterung f\u00fcr der Baustoff Lehm. Er hat auch schon mal ein Kurse \u00a0gefolgt und k\u00f6nnte sich gut aus in der Lehmbau. Manchmal w\u00fcste er es sogar besser als ich.<\/p>\n<p>&nbsp;<\/p>\n<p>&nbsp;<\/p>\n","protected":false},"excerpt":{"rendered":"<p>Unter dem Hermannsdenkmall\u00a0in Hiddesen m\u00f6chte ich\u00a0in Thomas sein neues H\u00e4uschen Lehm auftragen. Thomas hat seine neue Wohnung seit kurzem gekauft und ist diese jetzt gro\u00dfartig an es renovieren. Sowohl die Decke als die W\u00e4nde sollten ein neue Schicht mit Lehm bekommen. Die Decke waren ausgestattet mit Latten auf dem den alten Lehm befestigt ist. Den [&hellip;]<\/p>\n","protected":false},"author":2,"featured_media":0,"comment_status":"open","ping_status":"open","sticky":false,"template":"","format":"standard","meta":{"footnotes":""},"categories":[1],"tags":[],"class_list":["post-950","post","type-post","status-publish","format-standard","hentry","category-blog"],"_links":{"self":[{"href":"https:\/\/www.naturallifebuilding.de\/index.php?rest_route=\/wp\/v2\/posts\/950","targetHints":{"allow":["GET"]}}],"collection":[{"href":"https:\/\/www.naturallifebuilding.de\/index.php?rest_route=\/wp\/v2\/posts"}],"about":[{"href":"https:\/\/www.naturallifebuilding.de\/index.php?rest_route=\/wp\/v2\/types\/post"}],"author":[{"embeddable":true,"href":"https:\/\/www.naturallifebuilding.de\/index.php?rest_route=\/wp\/v2\/users\/2"}],"replies":[{"embeddable":true,"href":"https:\/\/www.naturallifebuilding.de\/index.php?rest_route=%2Fwp%2Fv2%2Fcomments&post=950"}],"version-history":[{"count":2,"href":"https:\/\/www.naturallifebuilding.de\/index.php?rest_route=\/wp\/v2\/posts\/950\/revisions"}],"predecessor-version":[{"id":954,"href":"https:\/\/www.naturallifebuilding.de\/index.php?rest_route=\/wp\/v2\/posts\/950\/revisions\/954"}],"wp:attachment":[{"href":"https:\/\/www.naturallifebuilding.de\/index.php?rest_route=%2Fwp%2Fv2%2Fmedia&parent=950"}],"wp:term":[{"taxonomy":"category","embeddable":true,"href":"https:\/\/www.naturallifebuilding.de\/index.php?rest_route=%2Fwp%2Fv2%2Fcategories&post=950"},{"taxonomy":"post_tag","embeddable":true,"href":"https:\/\/www.naturallifebuilding.de\/index.php?rest_route=%2Fwp%2Fv2%2Ftags&post=950"}],"curies":[{"name":"wp","href":"https:\/\/api.w.org\/{rel}","templated":true}]}}