{"id":1318,"date":"2022-01-14T22:14:00","date_gmt":"2022-01-14T22:14:00","guid":{"rendered":"https:\/\/www.naturallifebuilding.de\/?p=1318"},"modified":"2024-03-14T22:15:33","modified_gmt":"2024-03-14T22:15:33","slug":"lehm-im-naturfreundehaus","status":"publish","type":"post","link":"https:\/\/www.naturallifebuilding.de\/?p=1318","title":{"rendered":"Lehm im Naturfreundehaus"},"content":{"rendered":"\n<p>Im Winter 2021\/ 2022 m\u00f6chte das Naturfreundehaus sich \u00fcber neue Lehmw\u00e4nden und Decken freuen. <br>Die Naturfreunde hatte sich \u00fcberlegt einige Zimmer im Dachgeschoss zu renovieren. Erst wolle sie es nur streichen, aber dann hatten sie \u00fcberlegt es auch mit einem d\u00fcnnen farbigen Lehm Sicht zu machen. <\/p>\n\n\n\n<p>W\u00e4hrend die dunklen Tagen w\u00e4re ich damit besch\u00e4ftigt die Zimmers neu zu verputzen mit einem lehm wei\u00df farbigem Edelputz.<\/p>\n\n\n\n<figure class=\"wp-block-image size-large\"><img loading=\"lazy\" decoding=\"async\" width=\"768\" height=\"1024\" src=\"https:\/\/www.naturallifebuilding.de\/uploads\/2024\/01\/Naturfreundehaus-Lehmedelputz-im-Zimmer-Maerz-2022-768x1024.jpg\" alt=\"\" class=\"wp-image-1319\" srcset=\"https:\/\/www.naturallifebuilding.de\/uploads\/2024\/01\/Naturfreundehaus-Lehmedelputz-im-Zimmer-Maerz-2022-768x1024.jpg 768w, https:\/\/www.naturallifebuilding.de\/uploads\/2024\/01\/Naturfreundehaus-Lehmedelputz-im-Zimmer-Maerz-2022-300x400.jpg 300w, https:\/\/www.naturallifebuilding.de\/uploads\/2024\/01\/Naturfreundehaus-Lehmedelputz-im-Zimmer-Maerz-2022-1152x1536.jpg 1152w, https:\/\/www.naturallifebuilding.de\/uploads\/2024\/01\/Naturfreundehaus-Lehmedelputz-im-Zimmer-Maerz-2022-1536x2048.jpg 1536w, https:\/\/www.naturallifebuilding.de\/uploads\/2024\/01\/Naturfreundehaus-Lehmedelputz-im-Zimmer-Maerz-2022-113x150.jpg 113w, https:\/\/www.naturallifebuilding.de\/uploads\/2024\/01\/Naturfreundehaus-Lehmedelputz-im-Zimmer-Maerz-2022-scaled.jpg 1920w\" sizes=\"auto, (max-width: 768px) 100vw, 768px\" \/><\/figure>\n\n\n\n<p>Am Ende gab es dann einen gem\u00fctlichen Gemeinschafts Aktionstag zusammen mit den Naturfreunden. Wir haben gemeinsam saubergemacht, aufger\u00e4umt und uns gedanken gemacht \u00fcber Fu\u00dfleisten. Danach k\u00f6nnte die Zimmers wieder benutzt werden.<\/p>\n\n\n\n<figure class=\"wp-block-gallery has-nested-images columns-2 is-cropped wp-block-gallery-1 is-layout-flex wp-block-gallery-is-layout-flex\">\n<figure class=\"wp-block-image size-large\"><img loading=\"lazy\" decoding=\"async\" width=\"768\" height=\"1024\" data-id=\"1320\" src=\"https:\/\/www.naturallifebuilding.de\/uploads\/2024\/01\/Naturfreundehaus-Spulbecken-Lehmweiss-Februar-2022-768x1024.jpg\" alt=\"\" class=\"wp-image-1320\" srcset=\"https:\/\/www.naturallifebuilding.de\/uploads\/2024\/01\/Naturfreundehaus-Spulbecken-Lehmweiss-Februar-2022-768x1024.jpg 768w, https:\/\/www.naturallifebuilding.de\/uploads\/2024\/01\/Naturfreundehaus-Spulbecken-Lehmweiss-Februar-2022-300x400.jpg 300w, https:\/\/www.naturallifebuilding.de\/uploads\/2024\/01\/Naturfreundehaus-Spulbecken-Lehmweiss-Februar-2022-1152x1536.jpg 1152w, https:\/\/www.naturallifebuilding.de\/uploads\/2024\/01\/Naturfreundehaus-Spulbecken-Lehmweiss-Februar-2022-1536x2048.jpg 1536w, https:\/\/www.naturallifebuilding.de\/uploads\/2024\/01\/Naturfreundehaus-Spulbecken-Lehmweiss-Februar-2022-113x150.jpg 113w, https:\/\/www.naturallifebuilding.de\/uploads\/2024\/01\/Naturfreundehaus-Spulbecken-Lehmweiss-Februar-2022-rotated.jpg 1920w\" sizes=\"auto, (max-width: 768px) 100vw, 768px\" \/><\/figure>\n\n\n\n<figure class=\"wp-block-image size-large\"><img loading=\"lazy\" decoding=\"async\" width=\"1024\" height=\"768\" data-id=\"1321\" src=\"https:\/\/www.naturallifebuilding.de\/uploads\/2024\/01\/Naturfreundehaus-Schrage-Lehmweiss-Februar-2022-1024x768.jpg\" alt=\"\" class=\"wp-image-1321\" srcset=\"https:\/\/www.naturallifebuilding.de\/uploads\/2024\/01\/Naturfreundehaus-Schrage-Lehmweiss-Februar-2022-1024x768.jpg 1024w, https:\/\/www.naturallifebuilding.de\/uploads\/2024\/01\/Naturfreundehaus-Schrage-Lehmweiss-Februar-2022-400x300.jpg 400w, https:\/\/www.naturallifebuilding.de\/uploads\/2024\/01\/Naturfreundehaus-Schrage-Lehmweiss-Februar-2022-768x576.jpg 768w, https:\/\/www.naturallifebuilding.de\/uploads\/2024\/01\/Naturfreundehaus-Schrage-Lehmweiss-Februar-2022-1536x1152.jpg 1536w, https:\/\/www.naturallifebuilding.de\/uploads\/2024\/01\/Naturfreundehaus-Schrage-Lehmweiss-Februar-2022-2048x1536.jpg 2048w, https:\/\/www.naturallifebuilding.de\/uploads\/2024\/01\/Naturfreundehaus-Schrage-Lehmweiss-Februar-2022-200x150.jpg 200w\" sizes=\"auto, (max-width: 1024px) 100vw, 1024px\" \/><\/figure>\n\n\n\n<figure class=\"wp-block-image size-large\"><img loading=\"lazy\" decoding=\"async\" width=\"768\" height=\"1024\" data-id=\"1322\" src=\"https:\/\/www.naturallifebuilding.de\/uploads\/2024\/01\/Naturfreundehaus-Lehmweiss-Februar-2022-768x1024.jpg\" alt=\"\" class=\"wp-image-1322\" srcset=\"https:\/\/www.naturallifebuilding.de\/uploads\/2024\/01\/Naturfreundehaus-Lehmweiss-Februar-2022-768x1024.jpg 768w, https:\/\/www.naturallifebuilding.de\/uploads\/2024\/01\/Naturfreundehaus-Lehmweiss-Februar-2022-300x400.jpg 300w, https:\/\/www.naturallifebuilding.de\/uploads\/2024\/01\/Naturfreundehaus-Lehmweiss-Februar-2022-1152x1536.jpg 1152w, https:\/\/www.naturallifebuilding.de\/uploads\/2024\/01\/Naturfreundehaus-Lehmweiss-Februar-2022-1536x2048.jpg 1536w, https:\/\/www.naturallifebuilding.de\/uploads\/2024\/01\/Naturfreundehaus-Lehmweiss-Februar-2022-113x150.jpg 113w, https:\/\/www.naturallifebuilding.de\/uploads\/2024\/01\/Naturfreundehaus-Lehmweiss-Februar-2022-rotated.jpg 1920w\" sizes=\"auto, (max-width: 768px) 100vw, 768px\" \/><\/figure>\n<\/figure>\n","protected":false},"excerpt":{"rendered":"<p>Im Winter 2021\/ 2022 m\u00f6chte das Naturfreundehaus sich \u00fcber neue Lehmw\u00e4nden und Decken freuen. Die Naturfreunde hatte sich \u00fcberlegt einige Zimmer im Dachgeschoss zu renovieren. Erst wolle sie es nur streichen, aber dann hatten sie \u00fcberlegt es auch mit einem d\u00fcnnen farbigen Lehm Sicht zu machen. W\u00e4hrend die dunklen Tagen w\u00e4re ich damit besch\u00e4ftigt die [&hellip;]<\/p>\n","protected":false},"author":2,"featured_media":0,"comment_status":"open","ping_status":"open","sticky":false,"template":"","format":"standard","meta":{"footnotes":""},"categories":[1],"tags":[],"class_list":["post-1318","post","type-post","status-publish","format-standard","hentry","category-blog"],"_links":{"self":[{"href":"https:\/\/www.naturallifebuilding.de\/index.php?rest_route=\/wp\/v2\/posts\/1318","targetHints":{"allow":["GET"]}}],"collection":[{"href":"https:\/\/www.naturallifebuilding.de\/index.php?rest_route=\/wp\/v2\/posts"}],"about":[{"href":"https:\/\/www.naturallifebuilding.de\/index.php?rest_route=\/wp\/v2\/types\/post"}],"author":[{"embeddable":true,"href":"https:\/\/www.naturallifebuilding.de\/index.php?rest_route=\/wp\/v2\/users\/2"}],"replies":[{"embeddable":true,"href":"https:\/\/www.naturallifebuilding.de\/index.php?rest_route=%2Fwp%2Fv2%2Fcomments&post=1318"}],"version-history":[{"count":1,"href":"https:\/\/www.naturallifebuilding.de\/index.php?rest_route=\/wp\/v2\/posts\/1318\/revisions"}],"predecessor-version":[{"id":1323,"href":"https:\/\/www.naturallifebuilding.de\/index.php?rest_route=\/wp\/v2\/posts\/1318\/revisions\/1323"}],"wp:attachment":[{"href":"https:\/\/www.naturallifebuilding.de\/index.php?rest_route=%2Fwp%2Fv2%2Fmedia&parent=1318"}],"wp:term":[{"taxonomy":"category","embeddable":true,"href":"https:\/\/www.naturallifebuilding.de\/index.php?rest_route=%2Fwp%2Fv2%2Fcategories&post=1318"},{"taxonomy":"post_tag","embeddable":true,"href":"https:\/\/www.naturallifebuilding.de\/index.php?rest_route=%2Fwp%2Fv2%2Ftags&post=1318"}],"curies":[{"name":"wp","href":"https:\/\/api.w.org\/{rel}","templated":true}]}}