{"id":1307,"date":"2023-09-10T15:27:37","date_gmt":"2023-09-10T15:27:37","guid":{"rendered":"https:\/\/www.naturallifebuilding.de\/?p=1307"},"modified":"2024-02-29T20:48:14","modified_gmt":"2024-02-29T20:48:14","slug":"wiederkehrende-liebe-fuer-lehm","status":"publish","type":"post","link":"https:\/\/www.naturallifebuilding.de\/?p=1307","title":{"rendered":"Wiederkehrende liebe f\u00fcr Lehm"},"content":{"rendered":"\n<p>In 2023 habe ich bei Uta und Bernd ihre neue Wohnung mit Lehmputz ausgestattet. Fast 10 Jahre zur\u00fcck in 2014 hatte ich bei <a href=\"https:\/\/www.naturallifebuilding.de\/?p=823\">Bernd zu Hause<\/a> schon mal Lehmputz angebracht. <\/p>\n\n\n\n<figure class=\"wp-block-image size-large\"><img loading=\"lazy\" decoding=\"async\" width=\"768\" height=\"1024\" src=\"https:\/\/www.naturallifebuilding.de\/uploads\/2024\/01\/Bernd-und-Uta-EG-Wohnzimmer-Erker-Edelputz-Decke-Edelweiss-unten-am-Fenster-Elfenbein-1-Juni-2023-768x1024.jpg\" alt=\"\" class=\"wp-image-1308\" title=\"Decke Edelwei\u00df, w\u00e4nde Elfenbein\" srcset=\"https:\/\/www.naturallifebuilding.de\/uploads\/2024\/01\/Bernd-und-Uta-EG-Wohnzimmer-Erker-Edelputz-Decke-Edelweiss-unten-am-Fenster-Elfenbein-1-Juni-2023-768x1024.jpg 768w, https:\/\/www.naturallifebuilding.de\/uploads\/2024\/01\/Bernd-und-Uta-EG-Wohnzimmer-Erker-Edelputz-Decke-Edelweiss-unten-am-Fenster-Elfenbein-1-Juni-2023-300x400.jpg 300w, https:\/\/www.naturallifebuilding.de\/uploads\/2024\/01\/Bernd-und-Uta-EG-Wohnzimmer-Erker-Edelputz-Decke-Edelweiss-unten-am-Fenster-Elfenbein-1-Juni-2023-1152x1536.jpg 1152w, https:\/\/www.naturallifebuilding.de\/uploads\/2024\/01\/Bernd-und-Uta-EG-Wohnzimmer-Erker-Edelputz-Decke-Edelweiss-unten-am-Fenster-Elfenbein-1-Juni-2023-1536x2048.jpg 1536w, https:\/\/www.naturallifebuilding.de\/uploads\/2024\/01\/Bernd-und-Uta-EG-Wohnzimmer-Erker-Edelputz-Decke-Edelweiss-unten-am-Fenster-Elfenbein-1-Juni-2023-113x150.jpg 113w, https:\/\/www.naturallifebuilding.de\/uploads\/2024\/01\/Bernd-und-Uta-EG-Wohnzimmer-Erker-Edelputz-Decke-Edelweiss-unten-am-Fenster-Elfenbein-1-Juni-2023-scaled.jpg 1920w\" sizes=\"auto, (max-width: 768px) 100vw, 768px\" \/><\/figure>\n\n\n\n<p class=\"has-text-align-center\"><em>Wohnzimmer ( Decke Edelwei\u00df \/ W\u00e4nde Elfenbein)<\/em><\/p>\n\n\n\n<p>In 2022 kam die Anruf von Bernd ob ich auch Lehmputz machen k\u00f6nnte in die neu erworbene Wohnung in Detmold. Er k\u00f6nnte sich nicht mehr vorstellen ohne Lehm zu leben. Bernd und Uta haben sich kennen gelernt, sind verheiratet und haben dann beschlossen zusammen ein Haus zu erwerben. Die liebe f\u00fcreinander und die liebe f\u00fcr Lehm sollte in diesem Haus ein Platz bekommen.<\/p>\n\n\n\n<!--more-->\n\n\n\n<p>In 2023 f\u00e4ngt f\u00fcr mich die Baustelle an. Bernd und Uta haben sich entschieden f\u00fcr die Edelputze. Die Decke w\u00fcrde mit Edelwei\u00df verputzt und die W\u00e4nde haupts\u00e4chlich mit Elfenbein. Nur im Dachgeschoss waren die Zimmer etwas kleiner und dort sind die ganz mit Edelwei\u00df verputzt worden, so wie auch das Bad.<\/p>\n\n\n\n<figure class=\"wp-block-gallery has-nested-images columns-default is-cropped wp-block-gallery-1 is-layout-flex wp-block-gallery-is-layout-flex\">\n<figure class=\"wp-block-image size-large\"><img loading=\"lazy\" decoding=\"async\" width=\"768\" height=\"1024\" data-id=\"1311\" src=\"https:\/\/www.naturallifebuilding.de\/uploads\/2024\/01\/Bernd-und-Uta-DG-Edelputz-Edelweiss-2-Juni-2023-768x1024.jpg\" alt=\"\" class=\"wp-image-1311\" srcset=\"https:\/\/www.naturallifebuilding.de\/uploads\/2024\/01\/Bernd-und-Uta-DG-Edelputz-Edelweiss-2-Juni-2023-768x1024.jpg 768w, https:\/\/www.naturallifebuilding.de\/uploads\/2024\/01\/Bernd-und-Uta-DG-Edelputz-Edelweiss-2-Juni-2023-300x400.jpg 300w, https:\/\/www.naturallifebuilding.de\/uploads\/2024\/01\/Bernd-und-Uta-DG-Edelputz-Edelweiss-2-Juni-2023-1152x1536.jpg 1152w, https:\/\/www.naturallifebuilding.de\/uploads\/2024\/01\/Bernd-und-Uta-DG-Edelputz-Edelweiss-2-Juni-2023-1536x2048.jpg 1536w, https:\/\/www.naturallifebuilding.de\/uploads\/2024\/01\/Bernd-und-Uta-DG-Edelputz-Edelweiss-2-Juni-2023-113x150.jpg 113w, https:\/\/www.naturallifebuilding.de\/uploads\/2024\/01\/Bernd-und-Uta-DG-Edelputz-Edelweiss-2-Juni-2023-scaled.jpg 1920w\" sizes=\"auto, (max-width: 768px) 100vw, 768px\" \/><\/figure>\n\n\n\n<figure class=\"wp-block-image size-large\"><img loading=\"lazy\" decoding=\"async\" width=\"768\" height=\"1024\" data-id=\"1312\" src=\"https:\/\/www.naturallifebuilding.de\/uploads\/2024\/01\/Bernd-und-Uta-DG-Schornstein-Oberputz-Juni-2023-768x1024.jpg\" alt=\"\" class=\"wp-image-1312\" srcset=\"https:\/\/www.naturallifebuilding.de\/uploads\/2024\/01\/Bernd-und-Uta-DG-Schornstein-Oberputz-Juni-2023-768x1024.jpg 768w, https:\/\/www.naturallifebuilding.de\/uploads\/2024\/01\/Bernd-und-Uta-DG-Schornstein-Oberputz-Juni-2023-300x400.jpg 300w, https:\/\/www.naturallifebuilding.de\/uploads\/2024\/01\/Bernd-und-Uta-DG-Schornstein-Oberputz-Juni-2023-1152x1536.jpg 1152w, https:\/\/www.naturallifebuilding.de\/uploads\/2024\/01\/Bernd-und-Uta-DG-Schornstein-Oberputz-Juni-2023-1536x2048.jpg 1536w, https:\/\/www.naturallifebuilding.de\/uploads\/2024\/01\/Bernd-und-Uta-DG-Schornstein-Oberputz-Juni-2023-113x150.jpg 113w, https:\/\/www.naturallifebuilding.de\/uploads\/2024\/01\/Bernd-und-Uta-DG-Schornstein-Oberputz-Juni-2023-scaled.jpg 1920w\" sizes=\"auto, (max-width: 768px) 100vw, 768px\" \/><\/figure>\n<\/figure>\n\n\n\n<p class=\"has-text-align-center\"><em>Dachgeschoss in Edelwei\u00df und der Schornstein mit Lehm Oberputz<\/em><\/p>\n\n\n\n<p>Neben die Lehmarbeiten waren auf diese Baustelle noch einige Handwerker aktiv und war eine gute Abstimmung gefragt. Dank Uta und ihre Pr\u00e4senz wahrend der Bauphase ist das alles gut gelungen.<\/p>\n\n\n\n<p>Im Sommer ist alles fertig geworden und sind sie eingezogen. Die letzte kleine nacharbeiten habe ich im Herbst dann noch erledigen k\u00f6nnen.<\/p>\n\n\n<div class=\"wp-block-image\">\n<figure class=\"aligncenter size-large is-resized\"><img loading=\"lazy\" decoding=\"async\" width=\"768\" height=\"1024\" src=\"https:\/\/www.naturallifebuilding.de\/uploads\/2024\/01\/Bernd-und-Uta-EG-Esszimmer-Edelputz-Decke-Edelweiss-Waende-Elfenbein-Juni-2023-768x1024.jpg\" alt=\"\" class=\"wp-image-1310\" style=\"width:684px;height:auto\" srcset=\"https:\/\/www.naturallifebuilding.de\/uploads\/2024\/01\/Bernd-und-Uta-EG-Esszimmer-Edelputz-Decke-Edelweiss-Waende-Elfenbein-Juni-2023-768x1024.jpg 768w, https:\/\/www.naturallifebuilding.de\/uploads\/2024\/01\/Bernd-und-Uta-EG-Esszimmer-Edelputz-Decke-Edelweiss-Waende-Elfenbein-Juni-2023-300x400.jpg 300w, https:\/\/www.naturallifebuilding.de\/uploads\/2024\/01\/Bernd-und-Uta-EG-Esszimmer-Edelputz-Decke-Edelweiss-Waende-Elfenbein-Juni-2023-1152x1536.jpg 1152w, https:\/\/www.naturallifebuilding.de\/uploads\/2024\/01\/Bernd-und-Uta-EG-Esszimmer-Edelputz-Decke-Edelweiss-Waende-Elfenbein-Juni-2023-1536x2048.jpg 1536w, https:\/\/www.naturallifebuilding.de\/uploads\/2024\/01\/Bernd-und-Uta-EG-Esszimmer-Edelputz-Decke-Edelweiss-Waende-Elfenbein-Juni-2023-113x150.jpg 113w, https:\/\/www.naturallifebuilding.de\/uploads\/2024\/01\/Bernd-und-Uta-EG-Esszimmer-Edelputz-Decke-Edelweiss-Waende-Elfenbein-Juni-2023-scaled.jpg 1920w\" sizes=\"auto, (max-width: 768px) 100vw, 768px\" \/><\/figure><\/div>\n\n\n<p class=\"has-text-align-center\"><em>Das Esszimmer mit W\u00e4nde in Elfenbein<\/em><\/p>\n","protected":false},"excerpt":{"rendered":"<p>In 2023 habe ich bei Uta und Bernd ihre neue Wohnung mit Lehmputz ausgestattet. Fast 10 Jahre zur\u00fcck in 2014 hatte ich bei Bernd zu Hause schon mal Lehmputz angebracht. Wohnzimmer ( Decke Edelwei\u00df \/ W\u00e4nde Elfenbein) In 2022 kam die Anruf von Bernd ob ich auch Lehmputz machen k\u00f6nnte in die neu erworbene Wohnung [&hellip;]<\/p>\n","protected":false},"author":2,"featured_media":0,"comment_status":"open","ping_status":"open","sticky":false,"template":"","format":"standard","meta":{"footnotes":""},"categories":[1],"tags":[],"class_list":["post-1307","post","type-post","status-publish","format-standard","hentry","category-blog"],"_links":{"self":[{"href":"https:\/\/www.naturallifebuilding.de\/index.php?rest_route=\/wp\/v2\/posts\/1307","targetHints":{"allow":["GET"]}}],"collection":[{"href":"https:\/\/www.naturallifebuilding.de\/index.php?rest_route=\/wp\/v2\/posts"}],"about":[{"href":"https:\/\/www.naturallifebuilding.de\/index.php?rest_route=\/wp\/v2\/types\/post"}],"author":[{"embeddable":true,"href":"https:\/\/www.naturallifebuilding.de\/index.php?rest_route=\/wp\/v2\/users\/2"}],"replies":[{"embeddable":true,"href":"https:\/\/www.naturallifebuilding.de\/index.php?rest_route=%2Fwp%2Fv2%2Fcomments&post=1307"}],"version-history":[{"count":3,"href":"https:\/\/www.naturallifebuilding.de\/index.php?rest_route=\/wp\/v2\/posts\/1307\/revisions"}],"predecessor-version":[{"id":1317,"href":"https:\/\/www.naturallifebuilding.de\/index.php?rest_route=\/wp\/v2\/posts\/1307\/revisions\/1317"}],"wp:attachment":[{"href":"https:\/\/www.naturallifebuilding.de\/index.php?rest_route=%2Fwp%2Fv2%2Fmedia&parent=1307"}],"wp:term":[{"taxonomy":"category","embeddable":true,"href":"https:\/\/www.naturallifebuilding.de\/index.php?rest_route=%2Fwp%2Fv2%2Fcategories&post=1307"},{"taxonomy":"post_tag","embeddable":true,"href":"https:\/\/www.naturallifebuilding.de\/index.php?rest_route=%2Fwp%2Fv2%2Ftags&post=1307"}],"curies":[{"name":"wp","href":"https:\/\/api.w.org\/{rel}","templated":true}]}}